{"id":817,"date":"2026-02-02T15:37:58","date_gmt":"2026-02-02T14:37:58","guid":{"rendered":"https:\/\/solicap.be\/?p=817"},"modified":"2026-02-02T15:40:04","modified_gmt":"2026-02-02T14:40:04","slug":"relais-solidaire-la-cote-a-pleins-coeurs","status":"publish","type":"post","link":"https:\/\/solicap.be\/en\/projects\/relais-solidaire-la-cote-a-pleins-coeurs\/","title":{"rendered":"Relais Solidaire \u2013 La C\u00f4te \u00e0 Pleins C\u0153urs"},"content":{"rendered":"","protected":false},"excerpt":{"rendered":"<p>This project aims to make able-bodied people and people with disabilities run, dream, and feel together over 70 km along the Belgian coast. Each relay becomes a symbol of inclusion, a link between two worlds, creating a human chain driven by effort, emotion, and solidarity.<\/p>\n","protected":false},"author":4,"featured_media":338,"comment_status":"open","ping_status":"open","sticky":false,"template":"","format":"standard","meta":{"_acf_changed":false,"footnotes":""},"categories":[1],"tags":[],"class_list":["post-817","post","type-post","status-publish","format-standard","has-post-thumbnail","hentry","category-non-categorise","status-in-co-construction"],"acf":[],"yoast_head":"<!-- This site is optimized with the Yoast SEO plugin v26.9 - https:\/\/yoast.com\/product\/yoast-seo-wordpress\/ -->\n<title>Relais Solidaire \u2013 La C\u00f4te \u00e0 Pleins C\u0153urs - Solicap<\/title>\n<meta name=\"robots\" content=\"index, follow, max-snippet:-1, max-image-preview:large, max-video-preview:-1\" \/>\n<link rel=\"canonical\" href=\"https:\/\/solicap.be\/en\/projects\/relais-solidaire-la-cote-a-pleins-coeurs\/\" \/>\n<meta property=\"og:locale\" content=\"en_US\" \/>\n<meta property=\"og:type\" content=\"article\" \/>\n<meta property=\"og:title\" content=\"Relais Solidaire \u2013 La C\u00f4te \u00e0 Pleins C\u0153urs - Solicap\" \/>\n<meta property=\"og:description\" content=\"This project aims to make able-bodied people and people with disabilities run, dream, and feel together over 70 km along the Belgian coast. Each relay becomes a symbol of inclusion, a link between two worlds, creating a human chain driven by effort, emotion, and solidarity.\" \/>\n<meta property=\"og:url\" content=\"https:\/\/solicap.be\/en\/projects\/relais-solidaire-la-cote-a-pleins-coeurs\/\" \/>\n<meta property=\"og:site_name\" content=\"Solicap\" \/>\n<meta property=\"article:published_time\" content=\"2026-02-02T14:37:58+00:00\" \/>\n<meta property=\"article:modified_time\" content=\"2026-02-02T14:40:04+00:00\" \/>\n<meta property=\"og:image\" content=\"https:\/\/solicap.be\/app\/uploads\/6f8ebe0cc1321affa819b375-what-we-do-gallery-1.webp\" \/>\n\t<meta property=\"og:image:width\" content=\"501\" \/>\n\t<meta property=\"og:image:height\" content=\"600\" \/>\n\t<meta property=\"og:image:type\" content=\"image\/webp\" \/>\n<meta name=\"author\" content=\"Emma\" \/>\n<meta name=\"twitter:card\" content=\"summary_large_image\" \/>\n<meta name=\"twitter:label1\" content=\"Written by\" \/>\n\t<meta name=\"twitter:data1\" content=\"Emma\" \/>\n\t<meta name=\"twitter:label2\" content=\"Est. reading time\" \/>\n\t<meta name=\"twitter:data2\" content=\"1 minute\" \/>\n<script type=\"application\/ld+json\" class=\"yoast-schema-graph\">{\"@context\":\"https:\/\/schema.org\",\"@graph\":[{\"@type\":\"Article\",\"@id\":\"https:\/\/solicap.be\/en\/projects\/relais-solidaire-la-cote-a-pleins-coeurs\/#article\",\"isPartOf\":{\"@id\":\"https:\/\/solicap.be\/en\/projects\/relais-solidaire-la-cote-a-pleins-coeurs\/\"},\"author\":{\"name\":\"Emma\",\"@id\":\"https:\/\/solicap.be\/en\/#\/schema\/person\/2ecacf71a3b7b273d263c78fa3164b1b\"},\"headline\":\"Relais Solidaire \u2013 La C\u00f4te \u00e0 Pleins C\u0153urs\",\"datePublished\":\"2026-02-02T14:37:58+00:00\",\"dateModified\":\"2026-02-02T14:40:04+00:00\",\"mainEntityOfPage\":{\"@id\":\"https:\/\/solicap.be\/en\/projects\/relais-solidaire-la-cote-a-pleins-coeurs\/\"},\"wordCount\":8,\"commentCount\":0,\"publisher\":{\"@id\":\"https:\/\/solicap.be\/en\/#organization\"},\"image\":{\"@id\":\"https:\/\/solicap.be\/en\/projects\/relais-solidaire-la-cote-a-pleins-coeurs\/#primaryimage\"},\"thumbnailUrl\":\"https:\/\/solicap.be\/app\/uploads\/6f8ebe0cc1321affa819b375-what-we-do-gallery-1.webp\",\"articleSection\":[\"Non cat\u00e9goris\u00e9\"],\"inLanguage\":\"en-US\",\"potentialAction\":[{\"@type\":\"CommentAction\",\"name\":\"Comment\",\"target\":[\"https:\/\/solicap.be\/en\/projects\/relais-solidaire-la-cote-a-pleins-coeurs\/#respond\"]}]},{\"@type\":\"WebPage\",\"@id\":\"https:\/\/solicap.be\/en\/projects\/relais-solidaire-la-cote-a-pleins-coeurs\/\",\"url\":\"https:\/\/solicap.be\/en\/projects\/relais-solidaire-la-cote-a-pleins-coeurs\/\",\"name\":\"Relais Solidaire \u2013 La C\u00f4te \u00e0 Pleins C\u0153urs - Solicap\",\"isPartOf\":{\"@id\":\"https:\/\/solicap.be\/en\/#website\"},\"primaryImageOfPage\":{\"@id\":\"https:\/\/solicap.be\/en\/projects\/relais-solidaire-la-cote-a-pleins-coeurs\/#primaryimage\"},\"image\":{\"@id\":\"https:\/\/solicap.be\/en\/projects\/relais-solidaire-la-cote-a-pleins-coeurs\/#primaryimage\"},\"thumbnailUrl\":\"https:\/\/solicap.be\/app\/uploads\/6f8ebe0cc1321affa819b375-what-we-do-gallery-1.webp\",\"datePublished\":\"2026-02-02T14:37:58+00:00\",\"dateModified\":\"2026-02-02T14:40:04+00:00\",\"breadcrumb\":{\"@id\":\"https:\/\/solicap.be\/en\/projects\/relais-solidaire-la-cote-a-pleins-coeurs\/#breadcrumb\"},\"inLanguage\":\"en-US\",\"potentialAction\":[{\"@type\":\"ReadAction\",\"target\":[\"https:\/\/solicap.be\/en\/projects\/relais-solidaire-la-cote-a-pleins-coeurs\/\"]}]},{\"@type\":\"ImageObject\",\"inLanguage\":\"en-US\",\"@id\":\"https:\/\/solicap.be\/en\/projects\/relais-solidaire-la-cote-a-pleins-coeurs\/#primaryimage\",\"url\":\"https:\/\/solicap.be\/app\/uploads\/6f8ebe0cc1321affa819b375-what-we-do-gallery-1.webp\",\"contentUrl\":\"https:\/\/solicap.be\/app\/uploads\/6f8ebe0cc1321affa819b375-what-we-do-gallery-1.webp\",\"width\":501,\"height\":600},{\"@type\":\"BreadcrumbList\",\"@id\":\"https:\/\/solicap.be\/en\/projects\/relais-solidaire-la-cote-a-pleins-coeurs\/#breadcrumb\",\"itemListElement\":[{\"@type\":\"ListItem\",\"position\":1,\"name\":\"Home\",\"item\":\"https:\/\/solicap.be\/en\/\"},{\"@type\":\"ListItem\",\"position\":2,\"name\":\"Relais Solidaire \u2013 La C\u00f4te \u00e0 Pleins C\u0153urs\"}]},{\"@type\":\"WebSite\",\"@id\":\"https:\/\/solicap.be\/en\/#website\",\"url\":\"https:\/\/solicap.be\/en\/\",\"name\":\"Solicap\",\"description\":\"\",\"publisher\":{\"@id\":\"https:\/\/solicap.be\/en\/#organization\"},\"potentialAction\":[{\"@type\":\"SearchAction\",\"target\":{\"@type\":\"EntryPoint\",\"urlTemplate\":\"https:\/\/solicap.be\/en\/?s={search_term_string}\"},\"query-input\":{\"@type\":\"PropertyValueSpecification\",\"valueRequired\":true,\"valueName\":\"search_term_string\"}}],\"inLanguage\":\"en-US\"},{\"@type\":\"Organization\",\"@id\":\"https:\/\/solicap.be\/en\/#organization\",\"name\":\"Solicap\",\"url\":\"https:\/\/solicap.be\/en\/\",\"logo\":{\"@type\":\"ImageObject\",\"inLanguage\":\"en-US\",\"@id\":\"https:\/\/solicap.be\/en\/#\/schema\/logo\/image\/\",\"url\":\"https:\/\/solicap.be\/app\/uploads\/c29df006c77612d6b122ebe8-cropped-7d1a3055fe775cb34ec482a6-monogramsolicap-scaled-1.png\",\"contentUrl\":\"https:\/\/solicap.be\/app\/uploads\/c29df006c77612d6b122ebe8-cropped-7d1a3055fe775cb34ec482a6-monogramsolicap-scaled-1.png\",\"width\":512,\"height\":512,\"caption\":\"Solicap\"},\"image\":{\"@id\":\"https:\/\/solicap.be\/en\/#\/schema\/logo\/image\/\"}},{\"@type\":\"Person\",\"@id\":\"https:\/\/solicap.be\/en\/#\/schema\/person\/2ecacf71a3b7b273d263c78fa3164b1b\",\"name\":\"Emma\",\"image\":{\"@type\":\"ImageObject\",\"inLanguage\":\"en-US\",\"@id\":\"https:\/\/solicap.be\/en\/#\/schema\/person\/image\/\",\"url\":\"https:\/\/secure.gravatar.com\/avatar\/77544ee3d8c864a0cdde65629fcc8b3ac01ae99d4cc907747e8632fe692854bf?s=96&d=mm&r=g\",\"contentUrl\":\"https:\/\/secure.gravatar.com\/avatar\/77544ee3d8c864a0cdde65629fcc8b3ac01ae99d4cc907747e8632fe692854bf?s=96&d=mm&r=g\",\"caption\":\"Emma\"}}]}<\/script>\n<!-- \/ Yoast SEO plugin. -->","yoast_head_json":{"title":"Relais Solidaire \u2013 La C\u00f4te \u00e0 Pleins C\u0153urs - Solicap","robots":{"index":"index","follow":"follow","max-snippet":"max-snippet:-1","max-image-preview":"max-image-preview:large","max-video-preview":"max-video-preview:-1"},"canonical":"https:\/\/solicap.be\/en\/projects\/relais-solidaire-la-cote-a-pleins-coeurs\/","og_locale":"en_US","og_type":"article","og_title":"Relais Solidaire \u2013 La C\u00f4te \u00e0 Pleins C\u0153urs - Solicap","og_description":"This project aims to make able-bodied people and people with disabilities run, dream, and feel together over 70 km along the Belgian coast. Each relay becomes a symbol of inclusion, a link between two worlds, creating a human chain driven by effort, emotion, and solidarity.","og_url":"https:\/\/solicap.be\/en\/projects\/relais-solidaire-la-cote-a-pleins-coeurs\/","og_site_name":"Solicap","article_published_time":"2026-02-02T14:37:58+00:00","article_modified_time":"2026-02-02T14:40:04+00:00","og_image":[{"width":501,"height":600,"url":"https:\/\/solicap.be\/app\/uploads\/6f8ebe0cc1321affa819b375-what-we-do-gallery-1.webp","type":"image\/webp"}],"author":"Emma","twitter_card":"summary_large_image","twitter_misc":{"Written by":"Emma","Est. reading time":"1 minute"},"schema":{"@context":"https:\/\/schema.org","@graph":[{"@type":"Article","@id":"https:\/\/solicap.be\/en\/projects\/relais-solidaire-la-cote-a-pleins-coeurs\/#article","isPartOf":{"@id":"https:\/\/solicap.be\/en\/projects\/relais-solidaire-la-cote-a-pleins-coeurs\/"},"author":{"name":"Emma","@id":"https:\/\/solicap.be\/en\/#\/schema\/person\/2ecacf71a3b7b273d263c78fa3164b1b"},"headline":"Relais Solidaire \u2013 La C\u00f4te \u00e0 Pleins C\u0153urs","datePublished":"2026-02-02T14:37:58+00:00","dateModified":"2026-02-02T14:40:04+00:00","mainEntityOfPage":{"@id":"https:\/\/solicap.be\/en\/projects\/relais-solidaire-la-cote-a-pleins-coeurs\/"},"wordCount":8,"commentCount":0,"publisher":{"@id":"https:\/\/solicap.be\/en\/#organization"},"image":{"@id":"https:\/\/solicap.be\/en\/projects\/relais-solidaire-la-cote-a-pleins-coeurs\/#primaryimage"},"thumbnailUrl":"https:\/\/solicap.be\/app\/uploads\/6f8ebe0cc1321affa819b375-what-we-do-gallery-1.webp","articleSection":["Non cat\u00e9goris\u00e9"],"inLanguage":"en-US","potentialAction":[{"@type":"CommentAction","name":"Comment","target":["https:\/\/solicap.be\/en\/projects\/relais-solidaire-la-cote-a-pleins-coeurs\/#respond"]}]},{"@type":"WebPage","@id":"https:\/\/solicap.be\/en\/projects\/relais-solidaire-la-cote-a-pleins-coeurs\/","url":"https:\/\/solicap.be\/en\/projects\/relais-solidaire-la-cote-a-pleins-coeurs\/","name":"Relais Solidaire \u2013 La C\u00f4te \u00e0 Pleins C\u0153urs - Solicap","isPartOf":{"@id":"https:\/\/solicap.be\/en\/#website"},"primaryImageOfPage":{"@id":"https:\/\/solicap.be\/en\/projects\/relais-solidaire-la-cote-a-pleins-coeurs\/#primaryimage"},"image":{"@id":"https:\/\/solicap.be\/en\/projects\/relais-solidaire-la-cote-a-pleins-coeurs\/#primaryimage"},"thumbnailUrl":"https:\/\/solicap.be\/app\/uploads\/6f8ebe0cc1321affa819b375-what-we-do-gallery-1.webp","datePublished":"2026-02-02T14:37:58+00:00","dateModified":"2026-02-02T14:40:04+00:00","breadcrumb":{"@id":"https:\/\/solicap.be\/en\/projects\/relais-solidaire-la-cote-a-pleins-coeurs\/#breadcrumb"},"inLanguage":"en-US","potentialAction":[{"@type":"ReadAction","target":["https:\/\/solicap.be\/en\/projects\/relais-solidaire-la-cote-a-pleins-coeurs\/"]}]},{"@type":"ImageObject","inLanguage":"en-US","@id":"https:\/\/solicap.be\/en\/projects\/relais-solidaire-la-cote-a-pleins-coeurs\/#primaryimage","url":"https:\/\/solicap.be\/app\/uploads\/6f8ebe0cc1321affa819b375-what-we-do-gallery-1.webp","contentUrl":"https:\/\/solicap.be\/app\/uploads\/6f8ebe0cc1321affa819b375-what-we-do-gallery-1.webp","width":501,"height":600},{"@type":"BreadcrumbList","@id":"https:\/\/solicap.be\/en\/projects\/relais-solidaire-la-cote-a-pleins-coeurs\/#breadcrumb","itemListElement":[{"@type":"ListItem","position":1,"name":"Home","item":"https:\/\/solicap.be\/en\/"},{"@type":"ListItem","position":2,"name":"Relais Solidaire \u2013 La C\u00f4te \u00e0 Pleins C\u0153urs"}]},{"@type":"WebSite","@id":"https:\/\/solicap.be\/en\/#website","url":"https:\/\/solicap.be\/en\/","name":"Solicap","description":"","publisher":{"@id":"https:\/\/solicap.be\/en\/#organization"},"potentialAction":[{"@type":"SearchAction","target":{"@type":"EntryPoint","urlTemplate":"https:\/\/solicap.be\/en\/?s={search_term_string}"},"query-input":{"@type":"PropertyValueSpecification","valueRequired":true,"valueName":"search_term_string"}}],"inLanguage":"en-US"},{"@type":"Organization","@id":"https:\/\/solicap.be\/en\/#organization","name":"Solicap","url":"https:\/\/solicap.be\/en\/","logo":{"@type":"ImageObject","inLanguage":"en-US","@id":"https:\/\/solicap.be\/en\/#\/schema\/logo\/image\/","url":"https:\/\/solicap.be\/app\/uploads\/c29df006c77612d6b122ebe8-cropped-7d1a3055fe775cb34ec482a6-monogramsolicap-scaled-1.png","contentUrl":"https:\/\/solicap.be\/app\/uploads\/c29df006c77612d6b122ebe8-cropped-7d1a3055fe775cb34ec482a6-monogramsolicap-scaled-1.png","width":512,"height":512,"caption":"Solicap"},"image":{"@id":"https:\/\/solicap.be\/en\/#\/schema\/logo\/image\/"}},{"@type":"Person","@id":"https:\/\/solicap.be\/en\/#\/schema\/person\/2ecacf71a3b7b273d263c78fa3164b1b","name":"Emma","image":{"@type":"ImageObject","inLanguage":"en-US","@id":"https:\/\/solicap.be\/en\/#\/schema\/person\/image\/","url":"https:\/\/secure.gravatar.com\/avatar\/77544ee3d8c864a0cdde65629fcc8b3ac01ae99d4cc907747e8632fe692854bf?s=96&d=mm&r=g","contentUrl":"https:\/\/secure.gravatar.com\/avatar\/77544ee3d8c864a0cdde65629fcc8b3ac01ae99d4cc907747e8632fe692854bf?s=96&d=mm&r=g","caption":"Emma"}}]}},"_links":{"self":[{"href":"https:\/\/solicap.be\/en\/wp-json\/wp\/v2\/posts\/817","targetHints":{"allow":["GET"]}}],"collection":[{"href":"https:\/\/solicap.be\/en\/wp-json\/wp\/v2\/posts"}],"about":[{"href":"https:\/\/solicap.be\/en\/wp-json\/wp\/v2\/types\/post"}],"author":[{"embeddable":true,"href":"https:\/\/solicap.be\/en\/wp-json\/wp\/v2\/users\/4"}],"replies":[{"embeddable":true,"href":"https:\/\/solicap.be\/en\/wp-json\/wp\/v2\/comments?post=817"}],"version-history":[{"count":1,"href":"https:\/\/solicap.be\/en\/wp-json\/wp\/v2\/posts\/817\/revisions"}],"predecessor-version":[{"id":818,"href":"https:\/\/solicap.be\/en\/wp-json\/wp\/v2\/posts\/817\/revisions\/818"}],"wp:featuredmedia":[{"embeddable":true,"href":"https:\/\/solicap.be\/en\/wp-json\/wp\/v2\/media\/338"}],"wp:attachment":[{"href":"https:\/\/solicap.be\/en\/wp-json\/wp\/v2\/media?parent=817"}],"wp:term":[{"taxonomy":"category","embeddable":true,"href":"https:\/\/solicap.be\/en\/wp-json\/wp\/v2\/categories?post=817"},{"taxonomy":"post_tag","embeddable":true,"href":"https:\/\/solicap.be\/en\/wp-json\/wp\/v2\/tags?post=817"}],"curies":[{"name":"wp","href":"https:\/\/api.w.org\/{rel}","templated":true}]}}