{"id":1271,"date":"2026-02-23T09:55:59","date_gmt":"2026-02-23T08:55:59","guid":{"rendered":"https:\/\/solicap.be\/?p=1271"},"modified":"2026-02-23T09:58:32","modified_gmt":"2026-02-23T08:58:32","slug":"marathon-des-sables-2026","status":"publish","type":"post","link":"https:\/\/solicap.be\/en\/projects\/marathon-des-sables-2026\/","title":{"rendered":"\ud83c\udfdc\ufe0f Marathon des Sables 2026"},"content":{"rendered":"","protected":false},"excerpt":{"rendered":"<p>En avril 2026, deux fr\u00e8res rel\u00e8veront l\u2019un des d\u00e9fis sportifs les plus exigeants au monde.<br \/>\nMais ce projet d\u00e9passe la performance.<br \/>\nEn tant que Porteurs de D\u00e9fi SoliCap, ils courent pour permettre \u00e0 une personne en situation de handicap de vivre, elle aussi, une exp\u00e9rience sportive hors norme.<br \/>\nLeur d\u00e9sert devient une passerelle.<\/p>\n","protected":false},"author":5,"featured_media":1262,"comment_status":"open","ping_status":"open","sticky":false,"template":"","format":"standard","meta":{"_acf_changed":false,"footnotes":""},"categories":[1],"tags":[],"class_list":["post-1271","post","type-post","status-publish","format-standard","has-post-thumbnail","hentry","category-non-categorise","status-searching-for-sponsors"],"acf":[],"yoast_head":"<!-- This site is optimized with the Yoast SEO plugin v26.9 - https:\/\/yoast.com\/product\/yoast-seo-wordpress\/ -->\n<title>\ud83c\udfdc\ufe0f Marathon des Sables 2026 - Solicap<\/title>\n<meta name=\"robots\" content=\"index, follow, max-snippet:-1, max-image-preview:large, max-video-preview:-1\" \/>\n<link rel=\"canonical\" href=\"https:\/\/solicap.be\/en\/projects\/marathon-des-sables-2026\/\" \/>\n<meta property=\"og:locale\" content=\"en_US\" \/>\n<meta property=\"og:type\" content=\"article\" \/>\n<meta property=\"og:title\" content=\"\ud83c\udfdc\ufe0f Marathon des Sables 2026 - Solicap\" \/>\n<meta property=\"og:description\" content=\"En avril 2026, deux fr\u00e8res rel\u00e8veront l\u2019un des d\u00e9fis sportifs les plus exigeants au monde. Mais ce projet d\u00e9passe la performance. En tant que Porteurs de D\u00e9fi SoliCap, ils courent pour permettre \u00e0 une personne en situation de handicap de vivre, elle aussi, une exp\u00e9rience sportive hors norme. Leur d\u00e9sert devient une passerelle.\" \/>\n<meta property=\"og:url\" content=\"https:\/\/solicap.be\/en\/projects\/marathon-des-sables-2026\/\" \/>\n<meta property=\"og:site_name\" content=\"Solicap\" \/>\n<meta property=\"article:published_time\" content=\"2026-02-23T08:55:59+00:00\" \/>\n<meta property=\"article:modified_time\" content=\"2026-02-23T08:58:32+00:00\" \/>\n<meta property=\"og:image\" content=\"https:\/\/solicap.be\/app\/uploads\/6dc582cc96a71426c997d10c-whatsapp-image-2026-02-18-at-200235-scaled.jpeg\" \/>\n\t<meta property=\"og:image:width\" content=\"1920\" \/>\n\t<meta property=\"og:image:height\" content=\"2560\" \/>\n\t<meta property=\"og:image:type\" content=\"image\/jpeg\" \/>\n<meta name=\"author\" content=\"Demo\" \/>\n<meta name=\"twitter:card\" content=\"summary_large_image\" \/>\n<meta name=\"twitter:label1\" content=\"Written by\" \/>\n\t<meta name=\"twitter:data1\" content=\"Demo\" \/>\n\t<meta name=\"twitter:label2\" content=\"Est. reading time\" \/>\n\t<meta name=\"twitter:data2\" content=\"3 minutes\" \/>\n<script type=\"application\/ld+json\" class=\"yoast-schema-graph\">{\"@context\":\"https:\/\/schema.org\",\"@graph\":[{\"@type\":\"Article\",\"@id\":\"https:\/\/solicap.be\/en\/projects\/marathon-des-sables-2026\/#article\",\"isPartOf\":{\"@id\":\"https:\/\/solicap.be\/en\/projects\/marathon-des-sables-2026\/\"},\"author\":{\"name\":\"Demo\",\"@id\":\"https:\/\/solicap.be\/en\/#\/schema\/person\/ec9bc0ed31db70ea9efadfbc416a97a3\"},\"headline\":\"\ud83c\udfdc\ufe0f Marathon des Sables 2026\",\"datePublished\":\"2026-02-23T08:55:59+00:00\",\"dateModified\":\"2026-02-23T08:58:32+00:00\",\"mainEntityOfPage\":{\"@id\":\"https:\/\/solicap.be\/en\/projects\/marathon-des-sables-2026\/\"},\"wordCount\":3,\"commentCount\":0,\"publisher\":{\"@id\":\"https:\/\/solicap.be\/en\/#organization\"},\"image\":{\"@id\":\"https:\/\/solicap.be\/en\/projects\/marathon-des-sables-2026\/#primaryimage\"},\"thumbnailUrl\":\"https:\/\/solicap.be\/app\/uploads\/6dc582cc96a71426c997d10c-whatsapp-image-2026-02-18-at-200235-scaled.jpeg\",\"articleSection\":[\"Non cat\u00e9goris\u00e9\"],\"inLanguage\":\"en-US\",\"potentialAction\":[{\"@type\":\"CommentAction\",\"name\":\"Comment\",\"target\":[\"https:\/\/solicap.be\/en\/projects\/marathon-des-sables-2026\/#respond\"]}]},{\"@type\":\"WebPage\",\"@id\":\"https:\/\/solicap.be\/en\/projects\/marathon-des-sables-2026\/\",\"url\":\"https:\/\/solicap.be\/en\/projects\/marathon-des-sables-2026\/\",\"name\":\"\ud83c\udfdc\ufe0f Marathon des Sables 2026 - Solicap\",\"isPartOf\":{\"@id\":\"https:\/\/solicap.be\/en\/#website\"},\"primaryImageOfPage\":{\"@id\":\"https:\/\/solicap.be\/en\/projects\/marathon-des-sables-2026\/#primaryimage\"},\"image\":{\"@id\":\"https:\/\/solicap.be\/en\/projects\/marathon-des-sables-2026\/#primaryimage\"},\"thumbnailUrl\":\"https:\/\/solicap.be\/app\/uploads\/6dc582cc96a71426c997d10c-whatsapp-image-2026-02-18-at-200235-scaled.jpeg\",\"datePublished\":\"2026-02-23T08:55:59+00:00\",\"dateModified\":\"2026-02-23T08:58:32+00:00\",\"breadcrumb\":{\"@id\":\"https:\/\/solicap.be\/en\/projects\/marathon-des-sables-2026\/#breadcrumb\"},\"inLanguage\":\"en-US\",\"potentialAction\":[{\"@type\":\"ReadAction\",\"target\":[\"https:\/\/solicap.be\/en\/projects\/marathon-des-sables-2026\/\"]}]},{\"@type\":\"ImageObject\",\"inLanguage\":\"en-US\",\"@id\":\"https:\/\/solicap.be\/en\/projects\/marathon-des-sables-2026\/#primaryimage\",\"url\":\"https:\/\/solicap.be\/app\/uploads\/6dc582cc96a71426c997d10c-whatsapp-image-2026-02-18-at-200235-scaled.jpeg\",\"contentUrl\":\"https:\/\/solicap.be\/app\/uploads\/6dc582cc96a71426c997d10c-whatsapp-image-2026-02-18-at-200235-scaled.jpeg\",\"width\":1920,\"height\":2560},{\"@type\":\"BreadcrumbList\",\"@id\":\"https:\/\/solicap.be\/en\/projects\/marathon-des-sables-2026\/#breadcrumb\",\"itemListElement\":[{\"@type\":\"ListItem\",\"position\":1,\"name\":\"Home\",\"item\":\"https:\/\/solicap.be\/en\/\"},{\"@type\":\"ListItem\",\"position\":2,\"name\":\"\ud83c\udfdc\ufe0f Marathon des Sables 2026\"}]},{\"@type\":\"WebSite\",\"@id\":\"https:\/\/solicap.be\/en\/#website\",\"url\":\"https:\/\/solicap.be\/en\/\",\"name\":\"Solicap\",\"description\":\"\",\"publisher\":{\"@id\":\"https:\/\/solicap.be\/en\/#organization\"},\"potentialAction\":[{\"@type\":\"SearchAction\",\"target\":{\"@type\":\"EntryPoint\",\"urlTemplate\":\"https:\/\/solicap.be\/en\/?s={search_term_string}\"},\"query-input\":{\"@type\":\"PropertyValueSpecification\",\"valueRequired\":true,\"valueName\":\"search_term_string\"}}],\"inLanguage\":\"en-US\"},{\"@type\":\"Organization\",\"@id\":\"https:\/\/solicap.be\/en\/#organization\",\"name\":\"Solicap\",\"url\":\"https:\/\/solicap.be\/en\/\",\"logo\":{\"@type\":\"ImageObject\",\"inLanguage\":\"en-US\",\"@id\":\"https:\/\/solicap.be\/en\/#\/schema\/logo\/image\/\",\"url\":\"https:\/\/solicap.be\/app\/uploads\/c29df006c77612d6b122ebe8-cropped-7d1a3055fe775cb34ec482a6-monogramsolicap-scaled-1.png\",\"contentUrl\":\"https:\/\/solicap.be\/app\/uploads\/c29df006c77612d6b122ebe8-cropped-7d1a3055fe775cb34ec482a6-monogramsolicap-scaled-1.png\",\"width\":512,\"height\":512,\"caption\":\"Solicap\"},\"image\":{\"@id\":\"https:\/\/solicap.be\/en\/#\/schema\/logo\/image\/\"}},{\"@type\":\"Person\",\"@id\":\"https:\/\/solicap.be\/en\/#\/schema\/person\/ec9bc0ed31db70ea9efadfbc416a97a3\",\"name\":\"Demo\",\"image\":{\"@type\":\"ImageObject\",\"inLanguage\":\"en-US\",\"@id\":\"https:\/\/solicap.be\/en\/#\/schema\/person\/image\/\",\"url\":\"https:\/\/secure.gravatar.com\/avatar\/2c616241f1ca62da0344cfbf08308a242f62a6051720098181353479b9f2ddec?s=96&d=mm&r=g\",\"contentUrl\":\"https:\/\/secure.gravatar.com\/avatar\/2c616241f1ca62da0344cfbf08308a242f62a6051720098181353479b9f2ddec?s=96&d=mm&r=g\",\"caption\":\"Demo\"}}]}<\/script>\n<!-- \/ Yoast SEO plugin. -->","yoast_head_json":{"title":"\ud83c\udfdc\ufe0f Marathon des Sables 2026 - Solicap","robots":{"index":"index","follow":"follow","max-snippet":"max-snippet:-1","max-image-preview":"max-image-preview:large","max-video-preview":"max-video-preview:-1"},"canonical":"https:\/\/solicap.be\/en\/projects\/marathon-des-sables-2026\/","og_locale":"en_US","og_type":"article","og_title":"\ud83c\udfdc\ufe0f Marathon des Sables 2026 - Solicap","og_description":"En avril 2026, deux fr\u00e8res rel\u00e8veront l\u2019un des d\u00e9fis sportifs les plus exigeants au monde. Mais ce projet d\u00e9passe la performance. En tant que Porteurs de D\u00e9fi SoliCap, ils courent pour permettre \u00e0 une personne en situation de handicap de vivre, elle aussi, une exp\u00e9rience sportive hors norme. Leur d\u00e9sert devient une passerelle.","og_url":"https:\/\/solicap.be\/en\/projects\/marathon-des-sables-2026\/","og_site_name":"Solicap","article_published_time":"2026-02-23T08:55:59+00:00","article_modified_time":"2026-02-23T08:58:32+00:00","og_image":[{"width":1920,"height":2560,"url":"https:\/\/solicap.be\/app\/uploads\/6dc582cc96a71426c997d10c-whatsapp-image-2026-02-18-at-200235-scaled.jpeg","type":"image\/jpeg"}],"author":"Demo","twitter_card":"summary_large_image","twitter_misc":{"Written by":"Demo","Est. reading time":"3 minutes"},"schema":{"@context":"https:\/\/schema.org","@graph":[{"@type":"Article","@id":"https:\/\/solicap.be\/en\/projects\/marathon-des-sables-2026\/#article","isPartOf":{"@id":"https:\/\/solicap.be\/en\/projects\/marathon-des-sables-2026\/"},"author":{"name":"Demo","@id":"https:\/\/solicap.be\/en\/#\/schema\/person\/ec9bc0ed31db70ea9efadfbc416a97a3"},"headline":"\ud83c\udfdc\ufe0f Marathon des Sables 2026","datePublished":"2026-02-23T08:55:59+00:00","dateModified":"2026-02-23T08:58:32+00:00","mainEntityOfPage":{"@id":"https:\/\/solicap.be\/en\/projects\/marathon-des-sables-2026\/"},"wordCount":3,"commentCount":0,"publisher":{"@id":"https:\/\/solicap.be\/en\/#organization"},"image":{"@id":"https:\/\/solicap.be\/en\/projects\/marathon-des-sables-2026\/#primaryimage"},"thumbnailUrl":"https:\/\/solicap.be\/app\/uploads\/6dc582cc96a71426c997d10c-whatsapp-image-2026-02-18-at-200235-scaled.jpeg","articleSection":["Non cat\u00e9goris\u00e9"],"inLanguage":"en-US","potentialAction":[{"@type":"CommentAction","name":"Comment","target":["https:\/\/solicap.be\/en\/projects\/marathon-des-sables-2026\/#respond"]}]},{"@type":"WebPage","@id":"https:\/\/solicap.be\/en\/projects\/marathon-des-sables-2026\/","url":"https:\/\/solicap.be\/en\/projects\/marathon-des-sables-2026\/","name":"\ud83c\udfdc\ufe0f Marathon des Sables 2026 - Solicap","isPartOf":{"@id":"https:\/\/solicap.be\/en\/#website"},"primaryImageOfPage":{"@id":"https:\/\/solicap.be\/en\/projects\/marathon-des-sables-2026\/#primaryimage"},"image":{"@id":"https:\/\/solicap.be\/en\/projects\/marathon-des-sables-2026\/#primaryimage"},"thumbnailUrl":"https:\/\/solicap.be\/app\/uploads\/6dc582cc96a71426c997d10c-whatsapp-image-2026-02-18-at-200235-scaled.jpeg","datePublished":"2026-02-23T08:55:59+00:00","dateModified":"2026-02-23T08:58:32+00:00","breadcrumb":{"@id":"https:\/\/solicap.be\/en\/projects\/marathon-des-sables-2026\/#breadcrumb"},"inLanguage":"en-US","potentialAction":[{"@type":"ReadAction","target":["https:\/\/solicap.be\/en\/projects\/marathon-des-sables-2026\/"]}]},{"@type":"ImageObject","inLanguage":"en-US","@id":"https:\/\/solicap.be\/en\/projects\/marathon-des-sables-2026\/#primaryimage","url":"https:\/\/solicap.be\/app\/uploads\/6dc582cc96a71426c997d10c-whatsapp-image-2026-02-18-at-200235-scaled.jpeg","contentUrl":"https:\/\/solicap.be\/app\/uploads\/6dc582cc96a71426c997d10c-whatsapp-image-2026-02-18-at-200235-scaled.jpeg","width":1920,"height":2560},{"@type":"BreadcrumbList","@id":"https:\/\/solicap.be\/en\/projects\/marathon-des-sables-2026\/#breadcrumb","itemListElement":[{"@type":"ListItem","position":1,"name":"Home","item":"https:\/\/solicap.be\/en\/"},{"@type":"ListItem","position":2,"name":"\ud83c\udfdc\ufe0f Marathon des Sables 2026"}]},{"@type":"WebSite","@id":"https:\/\/solicap.be\/en\/#website","url":"https:\/\/solicap.be\/en\/","name":"Solicap","description":"","publisher":{"@id":"https:\/\/solicap.be\/en\/#organization"},"potentialAction":[{"@type":"SearchAction","target":{"@type":"EntryPoint","urlTemplate":"https:\/\/solicap.be\/en\/?s={search_term_string}"},"query-input":{"@type":"PropertyValueSpecification","valueRequired":true,"valueName":"search_term_string"}}],"inLanguage":"en-US"},{"@type":"Organization","@id":"https:\/\/solicap.be\/en\/#organization","name":"Solicap","url":"https:\/\/solicap.be\/en\/","logo":{"@type":"ImageObject","inLanguage":"en-US","@id":"https:\/\/solicap.be\/en\/#\/schema\/logo\/image\/","url":"https:\/\/solicap.be\/app\/uploads\/c29df006c77612d6b122ebe8-cropped-7d1a3055fe775cb34ec482a6-monogramsolicap-scaled-1.png","contentUrl":"https:\/\/solicap.be\/app\/uploads\/c29df006c77612d6b122ebe8-cropped-7d1a3055fe775cb34ec482a6-monogramsolicap-scaled-1.png","width":512,"height":512,"caption":"Solicap"},"image":{"@id":"https:\/\/solicap.be\/en\/#\/schema\/logo\/image\/"}},{"@type":"Person","@id":"https:\/\/solicap.be\/en\/#\/schema\/person\/ec9bc0ed31db70ea9efadfbc416a97a3","name":"Demo","image":{"@type":"ImageObject","inLanguage":"en-US","@id":"https:\/\/solicap.be\/en\/#\/schema\/person\/image\/","url":"https:\/\/secure.gravatar.com\/avatar\/2c616241f1ca62da0344cfbf08308a242f62a6051720098181353479b9f2ddec?s=96&d=mm&r=g","contentUrl":"https:\/\/secure.gravatar.com\/avatar\/2c616241f1ca62da0344cfbf08308a242f62a6051720098181353479b9f2ddec?s=96&d=mm&r=g","caption":"Demo"}}]}},"_links":{"self":[{"href":"https:\/\/solicap.be\/en\/wp-json\/wp\/v2\/posts\/1271","targetHints":{"allow":["GET"]}}],"collection":[{"href":"https:\/\/solicap.be\/en\/wp-json\/wp\/v2\/posts"}],"about":[{"href":"https:\/\/solicap.be\/en\/wp-json\/wp\/v2\/types\/post"}],"author":[{"embeddable":true,"href":"https:\/\/solicap.be\/en\/wp-json\/wp\/v2\/users\/5"}],"replies":[{"embeddable":true,"href":"https:\/\/solicap.be\/en\/wp-json\/wp\/v2\/comments?post=1271"}],"version-history":[{"count":2,"href":"https:\/\/solicap.be\/en\/wp-json\/wp\/v2\/posts\/1271\/revisions"}],"predecessor-version":[{"id":1279,"href":"https:\/\/solicap.be\/en\/wp-json\/wp\/v2\/posts\/1271\/revisions\/1279"}],"wp:featuredmedia":[{"embeddable":true,"href":"https:\/\/solicap.be\/en\/wp-json\/wp\/v2\/media\/1262"}],"wp:attachment":[{"href":"https:\/\/solicap.be\/en\/wp-json\/wp\/v2\/media?parent=1271"}],"wp:term":[{"taxonomy":"category","embeddable":true,"href":"https:\/\/solicap.be\/en\/wp-json\/wp\/v2\/categories?post=1271"},{"taxonomy":"post_tag","embeddable":true,"href":"https:\/\/solicap.be\/en\/wp-json\/wp\/v2\/tags?post=1271"}],"curies":[{"name":"wp","href":"https:\/\/api.w.org\/{rel}","templated":true}]}}